{"id":640,"date":"2024-09-17T09:21:26","date_gmt":"2024-09-17T09:21:26","guid":{"rendered":"https:\/\/javiersotomayor.org\/?p=640"},"modified":"2024-09-17T09:25:26","modified_gmt":"2024-09-17T09:25:26","slug":"en-octubre-comienza-la-4a-edicion-del-circulo-de-hombres-eros-%f0%9f%91%a8%f0%9f%8f%bb%f0%9f%a4%9d%f0%9f%91%a8%f0%9f%8f%bd%e2%9d%a4%ef%b8%8f%f0%9f%8c%88","status":"publish","type":"post","link":"https:\/\/javiersotomayor.org\/?p=640","title":{"rendered":"En Octubre comienza la 4a.Edici\u00f3n del C\u00edrculo de Hombres Eros \ud83d\udc68\ud83c\udffb\u200d\ud83e\udd1d\u200d\ud83d\udc68\ud83c\udffd\u2764\ufe0f\ud83c\udf08"},"content":{"rendered":"<p><strong><span class=\"OYPEnA font-feature-liga-off font-feature-clig-off font-feature-calt-off text-decoration-none text-strikethrough-none\">\u00bfQu\u00e9 es el C\u00edrculo de Hombres Eros?<\/span><\/strong><\/p>\n<p><span class=\"OYPEnA font-feature-liga-off font-feature-clig-off font-feature-calt-off text-decoration-none text-strikethrough-none\">Es un <\/span><span class=\"OYPEnA font-feature-liga-off font-feature-clig-off font-feature-calt-off text-decoration-none text-strikethrough-none\">C\u00edclo de 5 talleres psicosociales<\/span><span class=\"OYPEnA font-feature-liga-off font-feature-clig-off font-feature-calt-off text-decoration-none text-strikethrough-none\"> para abordar nuestras heridas de la infancia desde una perspectiva no heterosexual,<\/span> <span class=\"OYPEnA font-feature-liga-off font-feature-clig-off font-feature-calt-off text-decoration-none text-strikethrough-none\">la homofobia interiorizada, la autoestima corporalidad y la afectividad y sexualidad.<\/span><\/p>\n<p><img decoding=\"async\" loading=\"lazy\" class=\"alignnone wp-image-642\" src=\"https:\/\/javiersotomayor.org\/wp-content\/uploads\/2024\/09\/CHE-4a.Edicion-2024-232x300.png\" alt=\"\" width=\"509\" height=\"658\" srcset=\"https:\/\/javiersotomayor.org\/wp-content\/uploads\/2024\/09\/CHE-4a.Edicion-2024-232x300.png 232w, https:\/\/javiersotomayor.org\/wp-content\/uploads\/2024\/09\/CHE-4a.Edicion-2024-791x1024.png 791w, https:\/\/javiersotomayor.org\/wp-content\/uploads\/2024\/09\/CHE-4a.Edicion-2024-768x994.png 768w, https:\/\/javiersotomayor.org\/wp-content\/uploads\/2024\/09\/CHE-4a.Edicion-2024-1187x1536.png 1187w, https:\/\/javiersotomayor.org\/wp-content\/uploads\/2024\/09\/CHE-4a.Edicion-2024.png 1545w\" sizes=\"(max-width: 509px) 100vw, 509px\" \/><\/p>\n<p>+ info aqui: <strong><a href=\"https:\/\/javiersotomayor.org\/wp-content\/uploads\/2024\/09\/CHE-4a.Edicion-2024.pdf\">&#8220;Circulo Hombres Eros 4ta Edici\u00f3n 2024&#8221;<\/a><\/strong><\/p>\n","protected":false},"excerpt":{"rendered":"<p>\u00bfQu\u00e9 es el C\u00edrculo de Hombres Eros? Es un C\u00edclo de 5 talleres psicosociales para abordar nuestras heridas de la infancia desde una perspectiva no heterosexual, la homofobia interiorizada, la autoestima corporalidad y la afectividad y sexualidad. + info aqui: &#8220;Circulo Hombres Eros 4ta Edici\u00f3n 2024&#8221;<\/p>\n","protected":false},"author":1,"featured_media":0,"comment_status":"open","ping_status":"open","sticky":false,"template":"","format":"aside","meta":{"_mi_skip_tracking":false},"categories":[35],"tags":[],"yoast_head":"<!-- This site is optimized with the Yoast SEO plugin v19.2 - https:\/\/yoast.com\/wordpress\/plugins\/seo\/ -->\n<title>En Octubre comienza la 4a.Edici\u00f3n del C\u00edrculo de Hombres Eros \ud83d\udc68\ud83c\udffb\u200d\ud83e\udd1d\u200d\ud83d\udc68\ud83c\udffd\u2764\ufe0f\ud83c\udf08 - javiersotomayor.org<\/title>\n<meta name=\"robots\" content=\"index, follow, max-snippet:-1, max-image-preview:large, max-video-preview:-1\" \/>\n<link rel=\"canonical\" href=\"https:\/\/javiersotomayor.org\/?p=640\" \/>\n<meta property=\"og:locale\" content=\"en_US\" \/>\n<meta property=\"og:type\" content=\"article\" \/>\n<meta property=\"og:title\" content=\"En Octubre comienza la 4a.Edici\u00f3n del C\u00edrculo de Hombres Eros \ud83d\udc68\ud83c\udffb\u200d\ud83e\udd1d\u200d\ud83d\udc68\ud83c\udffd\u2764\ufe0f\ud83c\udf08 - javiersotomayor.org\" \/>\n<meta property=\"og:description\" content=\"\u00bfQu\u00e9 es el C\u00edrculo de Hombres Eros? Es un C\u00edclo de 5 talleres psicosociales para abordar nuestras heridas de la infancia desde una perspectiva no heterosexual, la homofobia interiorizada, la autoestima corporalidad y la afectividad y sexualidad. + info aqui: &#8220;Circulo Hombres Eros 4ta Edici\u00f3n 2024&#8221;\" \/>\n<meta property=\"og:url\" content=\"https:\/\/javiersotomayor.org\/?p=640\" \/>\n<meta property=\"og:site_name\" content=\"javiersotomayor.org\" \/>\n<meta property=\"article:published_time\" content=\"2024-09-17T09:21:26+00:00\" \/>\n<meta property=\"article:modified_time\" content=\"2024-09-17T09:25:26+00:00\" \/>\n<meta property=\"og:image\" content=\"https:\/\/javiersotomayor.org\/wp-content\/uploads\/2024\/09\/CHE-4a.Edicion-2024-232x300.png\" \/>\n<meta name=\"author\" content=\"jjsotomayor\" \/>\n<meta name=\"twitter:card\" content=\"summary_large_image\" \/>\n<meta name=\"twitter:label1\" content=\"Written by\" \/>\n\t<meta name=\"twitter:data1\" content=\"jjsotomayor\" \/>\n<script type=\"application\/ld+json\" class=\"yoast-schema-graph\">{\"@context\":\"https:\/\/schema.org\",\"@graph\":[{\"@type\":\"WebSite\",\"@id\":\"https:\/\/javiersotomayor.org\/#website\",\"url\":\"https:\/\/javiersotomayor.org\/\",\"name\":\"javiersotomayor.org\",\"description\":\"Terapia Sexual individual y de Parejas \/ Instructor de Talleres \/ Facilitador C\u00edrculos de Hombres \/ Social Therapist \/Sexuality and Couples\",\"potentialAction\":[{\"@type\":\"SearchAction\",\"target\":{\"@type\":\"EntryPoint\",\"urlTemplate\":\"https:\/\/javiersotomayor.org\/?s={search_term_string}\"},\"query-input\":\"required name=search_term_string\"}],\"inLanguage\":\"en-US\"},{\"@type\":\"ImageObject\",\"inLanguage\":\"en-US\",\"@id\":\"https:\/\/javiersotomayor.org\/?p=640#primaryimage\",\"url\":\"https:\/\/javiersotomayor.org\/wp-content\/uploads\/2024\/09\/CHE-4a.Edicion-2024.png\",\"contentUrl\":\"https:\/\/javiersotomayor.org\/wp-content\/uploads\/2024\/09\/CHE-4a.Edicion-2024.png\",\"width\":1545,\"height\":2000},{\"@type\":\"WebPage\",\"@id\":\"https:\/\/javiersotomayor.org\/?p=640#webpage\",\"url\":\"https:\/\/javiersotomayor.org\/?p=640\",\"name\":\"En Octubre comienza la 4a.Edici\u00f3n del C\u00edrculo de Hombres Eros \ud83d\udc68\ud83c\udffb\u200d\ud83e\udd1d\u200d\ud83d\udc68\ud83c\udffd\u2764\ufe0f\ud83c\udf08 - javiersotomayor.org\",\"isPartOf\":{\"@id\":\"https:\/\/javiersotomayor.org\/#website\"},\"primaryImageOfPage\":{\"@id\":\"https:\/\/javiersotomayor.org\/?p=640#primaryimage\"},\"datePublished\":\"2024-09-17T09:21:26+00:00\",\"dateModified\":\"2024-09-17T09:25:26+00:00\",\"author\":{\"@id\":\"https:\/\/javiersotomayor.org\/#\/schema\/person\/e975187f79ec910d8215ae582464ac88\"},\"breadcrumb\":{\"@id\":\"https:\/\/javiersotomayor.org\/?p=640#breadcrumb\"},\"inLanguage\":\"en-US\",\"potentialAction\":[{\"@type\":\"ReadAction\",\"target\":[\"https:\/\/javiersotomayor.org\/?p=640\"]}]},{\"@type\":\"BreadcrumbList\",\"@id\":\"https:\/\/javiersotomayor.org\/?p=640#breadcrumb\",\"itemListElement\":[{\"@type\":\"ListItem\",\"position\":1,\"name\":\"Portada\",\"item\":\"https:\/\/javiersotomayor.org\/\"},{\"@type\":\"ListItem\",\"position\":2,\"name\":\"En Octubre comienza la 4a.Edici\u00f3n del C\u00edrculo de Hombres Eros \ud83d\udc68\ud83c\udffb\u200d\ud83e\udd1d\u200d\ud83d\udc68\ud83c\udffd\u2764\ufe0f\ud83c\udf08\"}]},{\"@type\":\"Person\",\"@id\":\"https:\/\/javiersotomayor.org\/#\/schema\/person\/e975187f79ec910d8215ae582464ac88\",\"name\":\"jjsotomayor\",\"image\":{\"@type\":\"ImageObject\",\"inLanguage\":\"en-US\",\"@id\":\"https:\/\/javiersotomayor.org\/#\/schema\/person\/image\/\",\"url\":\"https:\/\/secure.gravatar.com\/avatar\/c2cfa811bdbbcb9f1e155ec68266d984?s=96&d=mm&r=g\",\"contentUrl\":\"https:\/\/secure.gravatar.com\/avatar\/c2cfa811bdbbcb9f1e155ec68266d984?s=96&d=mm&r=g\",\"caption\":\"jjsotomayor\"},\"sameAs\":[\"http:\/\/javiersotomayor.org\"],\"url\":\"https:\/\/javiersotomayor.org\/?author=1\"}]}<\/script>\n<!-- \/ Yoast SEO plugin. -->","yoast_head_json":{"title":"En Octubre comienza la 4a.Edici\u00f3n del C\u00edrculo de Hombres Eros \ud83d\udc68\ud83c\udffb\u200d\ud83e\udd1d\u200d\ud83d\udc68\ud83c\udffd\u2764\ufe0f\ud83c\udf08 - javiersotomayor.org","robots":{"index":"index","follow":"follow","max-snippet":"max-snippet:-1","max-image-preview":"max-image-preview:large","max-video-preview":"max-video-preview:-1"},"canonical":"https:\/\/javiersotomayor.org\/?p=640","og_locale":"en_US","og_type":"article","og_title":"En Octubre comienza la 4a.Edici\u00f3n del C\u00edrculo de Hombres Eros \ud83d\udc68\ud83c\udffb\u200d\ud83e\udd1d\u200d\ud83d\udc68\ud83c\udffd\u2764\ufe0f\ud83c\udf08 - javiersotomayor.org","og_description":"\u00bfQu\u00e9 es el C\u00edrculo de Hombres Eros? Es un C\u00edclo de 5 talleres psicosociales para abordar nuestras heridas de la infancia desde una perspectiva no heterosexual, la homofobia interiorizada, la autoestima corporalidad y la afectividad y sexualidad. + info aqui: &#8220;Circulo Hombres Eros 4ta Edici\u00f3n 2024&#8221;","og_url":"https:\/\/javiersotomayor.org\/?p=640","og_site_name":"javiersotomayor.org","article_published_time":"2024-09-17T09:21:26+00:00","article_modified_time":"2024-09-17T09:25:26+00:00","og_image":[{"url":"https:\/\/javiersotomayor.org\/wp-content\/uploads\/2024\/09\/CHE-4a.Edicion-2024-232x300.png"}],"author":"jjsotomayor","twitter_card":"summary_large_image","twitter_misc":{"Written by":"jjsotomayor"},"schema":{"@context":"https:\/\/schema.org","@graph":[{"@type":"WebSite","@id":"https:\/\/javiersotomayor.org\/#website","url":"https:\/\/javiersotomayor.org\/","name":"javiersotomayor.org","description":"Terapia Sexual individual y de Parejas \/ Instructor de Talleres \/ Facilitador C\u00edrculos de Hombres \/ Social Therapist \/Sexuality and Couples","potentialAction":[{"@type":"SearchAction","target":{"@type":"EntryPoint","urlTemplate":"https:\/\/javiersotomayor.org\/?s={search_term_string}"},"query-input":"required name=search_term_string"}],"inLanguage":"en-US"},{"@type":"ImageObject","inLanguage":"en-US","@id":"https:\/\/javiersotomayor.org\/?p=640#primaryimage","url":"https:\/\/javiersotomayor.org\/wp-content\/uploads\/2024\/09\/CHE-4a.Edicion-2024.png","contentUrl":"https:\/\/javiersotomayor.org\/wp-content\/uploads\/2024\/09\/CHE-4a.Edicion-2024.png","width":1545,"height":2000},{"@type":"WebPage","@id":"https:\/\/javiersotomayor.org\/?p=640#webpage","url":"https:\/\/javiersotomayor.org\/?p=640","name":"En Octubre comienza la 4a.Edici\u00f3n del C\u00edrculo de Hombres Eros \ud83d\udc68\ud83c\udffb\u200d\ud83e\udd1d\u200d\ud83d\udc68\ud83c\udffd\u2764\ufe0f\ud83c\udf08 - javiersotomayor.org","isPartOf":{"@id":"https:\/\/javiersotomayor.org\/#website"},"primaryImageOfPage":{"@id":"https:\/\/javiersotomayor.org\/?p=640#primaryimage"},"datePublished":"2024-09-17T09:21:26+00:00","dateModified":"2024-09-17T09:25:26+00:00","author":{"@id":"https:\/\/javiersotomayor.org\/#\/schema\/person\/e975187f79ec910d8215ae582464ac88"},"breadcrumb":{"@id":"https:\/\/javiersotomayor.org\/?p=640#breadcrumb"},"inLanguage":"en-US","potentialAction":[{"@type":"ReadAction","target":["https:\/\/javiersotomayor.org\/?p=640"]}]},{"@type":"BreadcrumbList","@id":"https:\/\/javiersotomayor.org\/?p=640#breadcrumb","itemListElement":[{"@type":"ListItem","position":1,"name":"Portada","item":"https:\/\/javiersotomayor.org\/"},{"@type":"ListItem","position":2,"name":"En Octubre comienza la 4a.Edici\u00f3n del C\u00edrculo de Hombres Eros \ud83d\udc68\ud83c\udffb\u200d\ud83e\udd1d\u200d\ud83d\udc68\ud83c\udffd\u2764\ufe0f\ud83c\udf08"}]},{"@type":"Person","@id":"https:\/\/javiersotomayor.org\/#\/schema\/person\/e975187f79ec910d8215ae582464ac88","name":"jjsotomayor","image":{"@type":"ImageObject","inLanguage":"en-US","@id":"https:\/\/javiersotomayor.org\/#\/schema\/person\/image\/","url":"https:\/\/secure.gravatar.com\/avatar\/c2cfa811bdbbcb9f1e155ec68266d984?s=96&d=mm&r=g","contentUrl":"https:\/\/secure.gravatar.com\/avatar\/c2cfa811bdbbcb9f1e155ec68266d984?s=96&d=mm&r=g","caption":"jjsotomayor"},"sameAs":["http:\/\/javiersotomayor.org"],"url":"https:\/\/javiersotomayor.org\/?author=1"}]}},"_links":{"self":[{"href":"https:\/\/javiersotomayor.org\/index.php?rest_route=\/wp\/v2\/posts\/640"}],"collection":[{"href":"https:\/\/javiersotomayor.org\/index.php?rest_route=\/wp\/v2\/posts"}],"about":[{"href":"https:\/\/javiersotomayor.org\/index.php?rest_route=\/wp\/v2\/types\/post"}],"author":[{"embeddable":true,"href":"https:\/\/javiersotomayor.org\/index.php?rest_route=\/wp\/v2\/users\/1"}],"replies":[{"embeddable":true,"href":"https:\/\/javiersotomayor.org\/index.php?rest_route=%2Fwp%2Fv2%2Fcomments&post=640"}],"version-history":[{"count":1,"href":"https:\/\/javiersotomayor.org\/index.php?rest_route=\/wp\/v2\/posts\/640\/revisions"}],"predecessor-version":[{"id":643,"href":"https:\/\/javiersotomayor.org\/index.php?rest_route=\/wp\/v2\/posts\/640\/revisions\/643"}],"wp:attachment":[{"href":"https:\/\/javiersotomayor.org\/index.php?rest_route=%2Fwp%2Fv2%2Fmedia&parent=640"}],"wp:term":[{"taxonomy":"category","embeddable":true,"href":"https:\/\/javiersotomayor.org\/index.php?rest_route=%2Fwp%2Fv2%2Fcategories&post=640"},{"taxonomy":"post_tag","embeddable":true,"href":"https:\/\/javiersotomayor.org\/index.php?rest_route=%2Fwp%2Fv2%2Ftags&post=640"}],"curies":[{"name":"wp","href":"https:\/\/api.w.org\/{rel}","templated":true}]}}